{"id":3358,"date":"2019-10-14T10:40:20","date_gmt":"2019-10-14T10:40:20","guid":{"rendered":"http:\/\/esm-vb.com\/?p=3358"},"modified":"2019-12-01T21:24:44","modified_gmt":"2019-12-01T21:24:44","slug":"les-joueuses-sf-2017-2018-2-2-2-2","status":"publish","type":"post","link":"https:\/\/esm-vb.com\/?p=3358","title":{"rendered":"Les joueurs SM2 2019-2020"},"content":{"rendered":"\n<p>La nouvelle saison est lanc\u00e9e pour les <em>S\u00e9niors Masculins 2<\/em> de Massy, coach\u00e9s par <strong>Charles et Thomas<\/strong>, et oui deux super coachs pour le prix d&rsquo;un ! Cette toute nouvelle \u00e9quipe in\u00e9dite rassemble des jeunes M17-M20 ainsi que des s\u00e9niors.<\/p>\n\n\n\n<p>Cette ann\u00e9e l&rsquo;\u00e9quipe SM2 a pour objectif d&rsquo;accrocher le milieu du tableau du championnat accession r\u00e9gionale, dans lequel ils \u00e9voluent, afin de trouver leurs marques et de construire une \u00e9quipe forte et pleine de jeunesse.<\/p>\n\n\n\n<ul class=\"wp-block-list\"><li>Les entra\u00eenements ont lieu au <a href=\"http:\/\/esm-vb.com\/?page_id=117\">gymnase de Vilgenis<\/a> le mardi de 19h \u00e0 21h et le jeudi de 20h45 \u00e0 22h30.<\/li><\/ul>\n\n\n\n<p>Nous leur souhaitons une belle saison pleine de r\u00e9ussite ! \ud83d\ude42<\/p>\n\n\n\n<p><strong>L&rsquo;effectif de l&rsquo;\u00e9quipe : <\/strong><br>Amaury, Bruno Diego, Valentin, Thomas, Quentin, Maxence, Ewen, Marin, Nicolas P., Dylan, Nicolas T.<\/p>\n\n\n\n<p><br><\/p>\n\n\n\n<hr class=\"wp-block-separator\"\/>\n\n\n\n<h1 class=\"wp-block-heading\">Suivez tous les matchs de la saison :<\/h1>\n\n\n\n<div class=\"container-fluid\">\n<figure><iframe loading=\"lazy\" width=\"650\" height=\"550\" class=\"embed-responsive-item\" src=\"https:\/\/www.google.com\/calendar\/embed?showPrint=0&amp;showTabs=0&amp;showCalendars=0&amp;showTz=0&amp;height=600&amp;wkst=1&amp;bgcolor=%23FFFFFF&amp;src=esmassy.volley%40gmail.com&amp;color=%23A32929&amp;src=l68eqt34e3vp583q53hph3nrk0%40group.calendar.google.com&amp;color=%23B1440E&amp;ctz=Europe%2FParis\" frameborder=\"0\" scrolling=\"no\" style=\"border-width: 0;\">&amp;amp;amp;amp;lt;span style=\u00a0\u00bbdisplay: inline-block; width: 0px; overflow: hidden; line-height: 0;\u00a0\u00bb data-mce-type=\u00a0\u00bbbookmark\u00a0\u00bb class=\u00a0\u00bbmce_SELRES_start\u00a0\u00bb&amp;amp;amp;amp;gt;\ufeff&amp;amp;amp;amp;lt;\/span&amp;amp;amp;amp;gt;<\/iframe><\/figure><p><\/p>\n<\/div>\n","protected":false},"excerpt":{"rendered":"<p>La nouvelle saison est lanc\u00e9e pour les S\u00e9niors Masculins 2 de Massy, coach\u00e9s par Charles et Thomas, et oui deux super coachs pour le prix d&rsquo;un ! Cette toute nouvelle \u00e9quipe in\u00e9dite rassemble des jeunes M17-M20 ainsi que des s\u00e9niors. Cette ann\u00e9e l&rsquo;\u00e9quipe SM2 a pour objectif d&rsquo;accrocher le milieu du tableau du championnat accession<\/p>\n<div class=\"read-more\"><a href=\"https:\/\/esm-vb.com\/?p=3358\" title=\"Read More\">Read More<\/a><\/div>\n","protected":false},"author":1,"featured_media":3514,"comment_status":"closed","ping_status":"open","sticky":false,"template":"","format":"standard","meta":{"_exactmetrics_skip_tracking":false,"_exactmetrics_sitenote_active":false,"_exactmetrics_sitenote_note":"","_exactmetrics_sitenote_category":0,"footnotes":""},"categories":[8],"tags":[],"class_list":{"0":"post-3358","1":"post","2":"type-post","3":"status-publish","4":"format-standard","5":"has-post-thumbnail","7":"category-sm"},"_links":{"self":[{"href":"https:\/\/esm-vb.com\/index.php?rest_route=\/wp\/v2\/posts\/3358","targetHints":{"allow":["GET"]}}],"collection":[{"href":"https:\/\/esm-vb.com\/index.php?rest_route=\/wp\/v2\/posts"}],"about":[{"href":"https:\/\/esm-vb.com\/index.php?rest_route=\/wp\/v2\/types\/post"}],"author":[{"embeddable":true,"href":"https:\/\/esm-vb.com\/index.php?rest_route=\/wp\/v2\/users\/1"}],"replies":[{"embeddable":true,"href":"https:\/\/esm-vb.com\/index.php?rest_route=%2Fwp%2Fv2%2Fcomments&post=3358"}],"version-history":[{"count":4,"href":"https:\/\/esm-vb.com\/index.php?rest_route=\/wp\/v2\/posts\/3358\/revisions"}],"predecessor-version":[{"id":3517,"href":"https:\/\/esm-vb.com\/index.php?rest_route=\/wp\/v2\/posts\/3358\/revisions\/3517"}],"wp:featuredmedia":[{"embeddable":true,"href":"https:\/\/esm-vb.com\/index.php?rest_route=\/wp\/v2\/media\/3514"}],"wp:attachment":[{"href":"https:\/\/esm-vb.com\/index.php?rest_route=%2Fwp%2Fv2%2Fmedia&parent=3358"}],"wp:term":[{"taxonomy":"category","embeddable":true,"href":"https:\/\/esm-vb.com\/index.php?rest_route=%2Fwp%2Fv2%2Fcategories&post=3358"},{"taxonomy":"post_tag","embeddable":true,"href":"https:\/\/esm-vb.com\/index.php?rest_route=%2Fwp%2Fv2%2Ftags&post=3358"}],"curies":[{"name":"wp","href":"https:\/\/api.w.org\/{rel}","templated":true}]}}